{"id":2126,"date":"2024-05-22T19:28:00","date_gmt":"2024-05-22T17:28:00","guid":{"rendered":"https:\/\/ecoacsa.com\/?p=2126"},"modified":"2024-05-23T11:23:50","modified_gmt":"2024-05-23T09:23:50","slug":"ecoacsa-ecogestiona-dia-internacional-de-la-biodiversidad","status":"publish","type":"post","link":"https:\/\/ecoacsa.com\/en\/ecoacsa-ecogestiona-dia-internacional-de-la-biodiversidad\/","title":{"rendered":"Ecoacsa participates in the Ecogestiona discussion for International Biodiversity Day"},"content":{"rendered":"<div data-elementor-type=\"wp-post\" data-elementor-id=\"2126\" class=\"elementor elementor-2126\" data-elementor-settings=\"{&quot;element_pack_global_tooltip_width&quot;:{&quot;unit&quot;:&quot;px&quot;,&quot;size&quot;:&quot;&quot;,&quot;sizes&quot;:[]},&quot;element_pack_global_tooltip_width_widescreen&quot;:{&quot;unit&quot;:&quot;px&quot;,&quot;size&quot;:&quot;&quot;,&quot;sizes&quot;:[]},&quot;element_pack_global_tooltip_width_laptop&quot;:{&quot;unit&quot;:&quot;px&quot;,&quot;size&quot;:&quot;&quot;,&quot;sizes&quot;:[]},&quot;element_pack_global_tooltip_width_tablet_extra&quot;:{&quot;unit&quot;:&quot;px&quot;,&quot;size&quot;:&quot;&quot;,&quot;sizes&quot;:[]},&quot;element_pack_global_tooltip_width_tablet&quot;:{&quot;unit&quot;:&quot;px&quot;,&quot;size&quot;:&quot;&quot;,&quot;sizes&quot;:[]},&quot;element_pack_global_tooltip_width_mobile&quot;:{&quot;unit&quot;:&quot;px&quot;,&quot;size&quot;:&quot;&quot;,&quot;sizes&quot;:[]},&quot;element_pack_global_tooltip_padding&quot;:{&quot;unit&quot;:&quot;px&quot;,&quot;top&quot;:&quot;&quot;,&quot;right&quot;:&quot;&quot;,&quot;bottom&quot;:&quot;&quot;,&quot;left&quot;:&quot;&quot;,&quot;isLinked&quot;:true},&quot;element_pack_global_tooltip_padding_widescreen&quot;:{&quot;unit&quot;:&quot;px&quot;,&quot;top&quot;:&quot;&quot;,&quot;right&quot;:&quot;&quot;,&quot;bottom&quot;:&quot;&quot;,&quot;left&quot;:&quot;&quot;,&quot;isLinked&quot;:true},&quot;element_pack_global_tooltip_padding_laptop&quot;:{&quot;unit&quot;:&quot;px&quot;,&quot;top&quot;:&quot;&quot;,&quot;right&quot;:&quot;&quot;,&quot;bottom&quot;:&quot;&quot;,&quot;left&quot;:&quot;&quot;,&quot;isLinked&quot;:true},&quot;element_pack_global_tooltip_padding_tablet_extra&quot;:{&quot;unit&quot;:&quot;px&quot;,&quot;top&quot;:&quot;&quot;,&quot;right&quot;:&quot;&quot;,&quot;bottom&quot;:&quot;&quot;,&quot;left&quot;:&quot;&quot;,&quot;isLinked&quot;:true},&quot;element_pack_global_tooltip_padding_tablet&quot;:{&quot;unit&quot;:&quot;px&quot;,&quot;top&quot;:&quot;&quot;,&quot;right&quot;:&quot;&quot;,&quot;bottom&quot;:&quot;&quot;,&quot;left&quot;:&quot;&quot;,&quot;isLinked&quot;:true},&quot;element_pack_global_tooltip_padding_mobile&quot;:{&quot;unit&quot;:&quot;px&quot;,&quot;top&quot;:&quot;&quot;,&quot;right&quot;:&quot;&quot;,&quot;bottom&quot;:&quot;&quot;,&quot;left&quot;:&quot;&quot;,&quot;isLinked&quot;:true},&quot;element_pack_global_tooltip_border_radius&quot;:{&quot;unit&quot;:&quot;px&quot;,&quot;top&quot;:&quot;&quot;,&quot;right&quot;:&quot;&quot;,&quot;bottom&quot;:&quot;&quot;,&quot;left&quot;:&quot;&quot;,&quot;isLinked&quot;:true},&quot;element_pack_global_tooltip_border_radius_widescreen&quot;:{&quot;unit&quot;:&quot;px&quot;,&quot;top&quot;:&quot;&quot;,&quot;right&quot;:&quot;&quot;,&quot;bottom&quot;:&quot;&quot;,&quot;left&quot;:&quot;&quot;,&quot;isLinked&quot;:true},&quot;element_pack_global_tooltip_border_radius_laptop&quot;:{&quot;unit&quot;:&quot;px&quot;,&quot;top&quot;:&quot;&quot;,&quot;right&quot;:&quot;&quot;,&quot;bottom&quot;:&quot;&quot;,&quot;left&quot;:&quot;&quot;,&quot;isLinked&quot;:true},&quot;element_pack_global_tooltip_border_radius_tablet_extra&quot;:{&quot;unit&quot;:&quot;px&quot;,&quot;top&quot;:&quot;&quot;,&quot;right&quot;:&quot;&quot;,&quot;bottom&quot;:&quot;&quot;,&quot;left&quot;:&quot;&quot;,&quot;isLinked&quot;:true},&quot;element_pack_global_tooltip_border_radius_tablet&quot;:{&quot;unit&quot;:&quot;px&quot;,&quot;top&quot;:&quot;&quot;,&quot;right&quot;:&quot;&quot;,&quot;bottom&quot;:&quot;&quot;,&quot;left&quot;:&quot;&quot;,&quot;isLinked&quot;:true},&quot;element_pack_global_tooltip_border_radius_mobile&quot;:{&quot;unit&quot;:&quot;px&quot;,&quot;top&quot;:&quot;&quot;,&quot;right&quot;:&quot;&quot;,&quot;bottom&quot;:&quot;&quot;,&quot;left&quot;:&quot;&quot;,&quot;isLinked&quot;:true}}\" data-elementor-post-type=\"post\">\n\t\t\t\t<div class=\"elementor-element elementor-element-27a20541 e-flex e-con-boxed e-con e-parent\" data-id=\"27a20541\" data-element_type=\"container\">\n\t\t\t\t\t<div class=\"e-con-inner\">\n\t\t\t\t<div class=\"elementor-element elementor-element-c9044ca elementor-widget elementor-widget-image\" data-id=\"c9044ca\" data-element_type=\"widget\" data-widget_type=\"image.default\">\n\t\t\t\t<div class=\"elementor-widget-container\">\n\t\t\t\t\t\t\t\t\t\t\t\t\t\t\t<img fetchpriority=\"high\" decoding=\"async\" width=\"768\" height=\"401\" src=\"https:\/\/ecoacsa.com\/wp-content\/uploads\/2024\/05\/Tertulia-Ecogestiona-DIB-2024-768x401.jpeg\" class=\"attachment-medium_large size-medium_large wp-image-2127\" alt=\"\" srcset=\"https:\/\/ecoacsa.com\/wp-content\/uploads\/2024\/05\/Tertulia-Ecogestiona-DIB-2024-768x401.jpeg 768w, https:\/\/ecoacsa.com\/wp-content\/uploads\/2024\/05\/Tertulia-Ecogestiona-DIB-2024.jpeg 800w\" sizes=\"(max-width: 768px) 100vw, 768px\" \/>\t\t\t\t\t\t\t\t\t\t\t\t\t\t\t<\/div>\n\t\t\t\t<\/div>\n\t\t\t\t<div class=\"elementor-element elementor-element-ccd9603 elementor-widget elementor-widget-text-editor\" data-id=\"ccd9603\" data-element_type=\"widget\" data-widget_type=\"text-editor.default\">\n\t\t\t\t<div class=\"elementor-widget-container\">\n\t\t\t\t\t\t\t\t\t<p><\/p>\n<p><span style=\"font-family: -apple-system, BlinkMacSystemFont, 'Segoe UI', Roboto, 'Helvetica Neue', Arial, 'Noto Sans', sans-serif, 'Apple Color Emoji', 'Segoe UI Emoji', 'Segoe UI Symbol', 'Noto Color Emoji'; font-size: 1rem; text-align: var(--text-align);\">Cada 22 de mayo conmemoramos el D\u00eda Internacional de la Biodiversidad, y este a\u00f1o hemos tenido la ocasi\u00f3n de celebrarlo participando en la tertulia especial organizada por Ecogestiona y su conductor Javier Mart\u00ednez. Nuestra compa\u00f1era Alicia Delgado, consultora s\u00e9nior y coordinadora de \u00c1rea, comparti\u00f3 espacio con otras voces referentes del sector ambiental espa\u00f1ol: Alicia Torrego, directora de la Fundaci\u00f3n Conama, Ignacio Torres, subdirector de la Fundaci\u00f3n Biodiversidad, y Fernando Valladares, profesor en la URJC e investigador del CSIC.<\/span><\/p>\n<p><\/p>\n<p><\/p>\n<p>Durante la tertulia, Alicia aport\u00f3 la visi\u00f3n sobre la importancia de la biodiversidad en el contexto social y empresarial y explic\u00f3 c\u00f3mo est\u00e1 trabajando el sector privado para responder adecuadamente a los retos ambientales que enfrenta.<\/p>\n<p><\/p>\n<p><\/p>\n<p>Ante la pregunta de por qu\u00e9 es relevante la biodiversidad, explic\u00f3 que \u00abla biodiversidad es fundamental para nuestro bienestar. La comida que nos alimenta, las medicinas que nos curan, el agua que bebemos, la ropa que llevamos, el cobijo que obtenemos en nuestras construcciones provienen de los beneficios que nos proporcionan los ecosistemas\u00bb.<\/p>\n<p><\/p>\n<p><\/p>\n<p>Pero no solo eso. \u00abEl normal funcionamiento de los ecosistemas tambi\u00e9n nos aporta la posibilidad de que podamos acudir a nuestro puesto de trabajo con normalidad, dado que los ecosistemas permiten regular los eventos extremos como ciclones, sequ\u00edas o las altas temperaturas en olas de calor.\u00a0Sin esta funci\u00f3n reguladora de los ecosistemas, el ser humano puede poner algunas soluciones, pero llega un momento en que no tenemos soluciones para todo\u00bb.<\/p>\n<p><\/p>\n<p><\/p>\n<p>\u00bfPor qu\u00e9 desde las ciudades vivimos muy al margen de lo que nos puede aportar la naturaleza, incluso desde el punto de vista econ\u00f3mico?<\/p>\n<p><\/p>\n<p><\/p>\n<p>Para Alicia, no existe un solo motivo, sino que son varias las razones, como el desconocimiento, no identificar la p\u00e9rdida de biodiversidad y el cambio clim\u00e1tico como asuntos prioritarios porque las vidas cotidianas de muchas personas son muy complejas y carecen de tiempo e inter\u00e9s para abordar estos temas, la falta de decisiones pol\u00edticas y la forma de entender la planificaci\u00f3n urban\u00edstica, entre otros.\u00a0<\/p>\n<p><\/p>\n<p><\/p>\n<p>Otro de los aspectos en los que hizo hincapi\u00e9 fue que, de la diversidad de perfiles de empresas con las que trabajamos en Ecoacsa, en general, son las grandes corporaciones las que est\u00e1n empezando a abordar la divulgaci\u00f3n de su relaci\u00f3n con la naturaleza.<\/p>\n<p>\u00abEstas compa\u00f1\u00edas han sido las primeras en tener que enfrentarse a este reto por la aprobaci\u00f3n de la Directiva de informaci\u00f3n corporativa sobre sostenibilidad (<em>CSRS, <\/em>por su acr\u00f3nimo en ingl\u00e9s). Est\u00e1n trabajando en capital natural, analizando el estado y condici\u00f3n de los ecosistemas y las especies, as\u00ed como en la medici\u00f3n, la valoraci\u00f3n y la monetizaci\u00f3n de su relaci\u00f3n con la naturaleza, de manera que los resultados permitan tomar decisiones m\u00e1s fundamentadas. Aquellos interlocutores que forman parte del consejo de administraci\u00f3n y que no est\u00e1n habituados a hablar de biodiversidad y naturaleza, cuando traduces los resultados de los an\u00e1lisis a un idioma com\u00fan, les resulta m\u00e1s sencillo de comprender\u00bb, detall\u00f3.<\/p>\n<p>\u00a0<\/p>\n<p>La tertulia se puede ver tambi\u00e9n en el canal\u00a0<i>Love the Planet<\/i>, disponible en las smart tv Samsung TV Plus, Xiaomi, Philips y Tivify.<\/p>\n<p><\/p>\n<p><\/p>\n<p><\/p>\t\t\t\t\t\t\t\t<\/div>\n\t\t\t\t<\/div>\n\t\t\t\t<div class=\"elementor-element elementor-element-79e4f23 elementor-widget elementor-widget-text-editor\" data-id=\"79e4f23\" data-element_type=\"widget\" data-widget_type=\"text-editor.default\">\n\t\t\t\t<div class=\"elementor-widget-container\">\n\t\t\t\t\t\t\t\t\t<p>Imagen: <em>Fundaci\u00f3n Biodiversidad.<\/em><\/p>\t\t\t\t\t\t\t\t<\/div>\n\t\t\t\t<\/div>\n\t\t\t\t\t<\/div>\n\t\t\t\t<\/div>\n\t\t<div class=\"elementor-element elementor-element-3e24b87 e-flex e-con-boxed e-con e-parent\" data-id=\"3e24b87\" data-element_type=\"container\">\n\t\t\t\t\t<div class=\"e-con-inner\">\n\t\t\t\t<div class=\"elementor-element elementor-element-ac6a5c4 elementor-align-center elementor-widget elementor-widget-button\" data-id=\"ac6a5c4\" data-element_type=\"widget\" data-widget_type=\"button.default\">\n\t\t\t\t<div class=\"elementor-widget-container\">\n\t\t\t\t\t\t\t\t\t<div class=\"elementor-button-wrapper\">\n\t\t\t\t\t<a class=\"elementor-button elementor-button-link elementor-size-sm\" href=\"https:\/\/radioecogestiona.com\/especial-dia-de-la-biodiversidad\/\">\n\t\t\t\t\t\t<span class=\"elementor-button-content-wrapper\">\n\t\t\t\t\t\t\t\t\t<span class=\"elementor-button-text\">Escucha aqu\u00ed la tertulia<\/span>\n\t\t\t\t\t<\/span>\n\t\t\t\t\t<\/a>\n\t\t\t\t<\/div>\n\t\t\t\t\t\t\t\t<\/div>\n\t\t\t\t<\/div>\n\t\t\t\t\t<\/div>\n\t\t\t\t<\/div>\n\t\t<div class=\"elementor-element elementor-element-3041bd1 e-flex e-con-boxed e-con e-parent\" data-id=\"3041bd1\" data-element_type=\"container\">\n\t\t\t\t\t<div class=\"e-con-inner\">\n\t\t\t\t<div class=\"elementor-element elementor-element-1e9f6c9 elementor-widget-divider--view-line elementor-widget elementor-widget-divider\" data-id=\"1e9f6c9\" data-element_type=\"widget\" data-widget_type=\"divider.default\">\n\t\t\t\t<div class=\"elementor-widget-container\">\n\t\t\t\t\t\t\t<div class=\"elementor-divider\">\n\t\t\t<span class=\"elementor-divider-separator\">\n\t\t\t\t\t\t<\/span>\n\t\t<\/div>\n\t\t\t\t\t\t<\/div>\n\t\t\t\t<\/div>\n\t\t\t\t\t<\/div>\n\t\t\t\t<\/div>\n\t\t<div class=\"elementor-element elementor-element-393951d e-flex e-con-boxed e-con e-parent\" data-id=\"393951d\" data-element_type=\"container\">\n\t\t\t\t\t<div class=\"e-con-inner\">\n\t\t\t\t\t<\/div>\n\t\t\t\t<\/div>\n\t\t\t\t<\/div>","protected":false},"excerpt":{"rendered":"<p>Cada 22 de mayo conmemoramos el D\u00eda Internacional de la Biodiversidad, y este a\u00f1o hemos tenido la ocasi\u00f3n de celebrarlo participando en la tertulia especial organizada por Ecogestiona y su conductor Javier Mart\u00ednez. Nuestra compa\u00f1era Alicia Delgado, consultora s\u00e9nior y coordinadora de \u00c1rea, comparti\u00f3 espacio con otras voces referentes del sector ambiental espa\u00f1ol: Alicia Torrego, [&hellip;]<\/p>","protected":false},"author":2,"featured_media":2127,"comment_status":"open","ping_status":"open","sticky":false,"template":"","format":"standard","meta":{"footnotes":""},"categories":[9],"tags":[],"_links":{"self":[{"href":"https:\/\/ecoacsa.com\/en\/wp-json\/wp\/v2\/posts\/2126"}],"collection":[{"href":"https:\/\/ecoacsa.com\/en\/wp-json\/wp\/v2\/posts"}],"about":[{"href":"https:\/\/ecoacsa.com\/en\/wp-json\/wp\/v2\/types\/post"}],"author":[{"embeddable":true,"href":"https:\/\/ecoacsa.com\/en\/wp-json\/wp\/v2\/users\/2"}],"replies":[{"embeddable":true,"href":"https:\/\/ecoacsa.com\/en\/wp-json\/wp\/v2\/comments?post=2126"}],"version-history":[{"count":82,"href":"https:\/\/ecoacsa.com\/en\/wp-json\/wp\/v2\/posts\/2126\/revisions"}],"predecessor-version":[{"id":2226,"href":"https:\/\/ecoacsa.com\/en\/wp-json\/wp\/v2\/posts\/2126\/revisions\/2226"}],"wp:featuredmedia":[{"embeddable":true,"href":"https:\/\/ecoacsa.com\/en\/wp-json\/wp\/v2\/media\/2127"}],"wp:attachment":[{"href":"https:\/\/ecoacsa.com\/en\/wp-json\/wp\/v2\/media?parent=2126"}],"wp:term":[{"taxonomy":"category","embeddable":true,"href":"https:\/\/ecoacsa.com\/en\/wp-json\/wp\/v2\/categories?post=2126"},{"taxonomy":"post_tag","embeddable":true,"href":"https:\/\/ecoacsa.com\/en\/wp-json\/wp\/v2\/tags?post=2126"}],"curies":[{"name":"wp","href":"https:\/\/api.w.org\/{rel}","templated":true}]}}